{"id":1327,"date":"2025-06-25T12:56:27","date_gmt":"2025-06-25T18:56:27","guid":{"rendered":"https:\/\/gdcdesarrollos.com\/blog\/?p=1327"},"modified":"2025-06-25T13:18:25","modified_gmt":"2025-06-25T19:18:25","slug":"voluntariado-con-causa-gdc-se-une-al-aniversario-de-aldeas-sos","status":"publish","type":"post","link":"https:\/\/gdcdesarrollos.com\/blog\/voluntariado-con-causa-gdc-se-une-al-aniversario-de-aldeas-sos\/","title":{"rendered":"Voluntariado con causa: GDC se une al aniversario de Aldeas SOS"},"content":{"rendered":"\n<p class=\"has-black-color has-text-color has-link-color wp-elements-7bd6f54d93b1ca0da516bbd195832b8d\">En GDC Desarrollos, creemos firmemente que construir comunidades va m\u00e1s all\u00e1 del concreto y los planos. Implica tambi\u00e9n edificar puentes humanos, brindar apoyo a quienes m\u00e1s lo necesitan y ser parte activa del cambio social. Este mes de junio, nos sumamos con entusiasmo al <strong>54 aniversario de Aldeas Infantiles SOS en M\u00e9xico<\/strong> y al <strong>76 aniversario internacional<\/strong> de esta noble organizaci\u00f3n, a trav\u00e9s de una jornada de <strong>voluntariado<\/strong> que busca dejar huella m\u00e1s all\u00e1 del \u00e1mbito inmobiliario. <\/p>\n\n\n\n<figure class=\"wp-block-image size-large\"><img loading=\"lazy\" decoding=\"async\" width=\"1024\" height=\"768\" src=\"https:\/\/gdcdesarrollos.com\/blog\/wp-content\/uploads\/2025\/06\/WhatsApp-Image-2025-06-21-at-3.58.28-PM-2-1024x768.jpeg\" alt=\"\" class=\"wp-image-1329\" srcset=\"https:\/\/gdcdesarrollos.com\/blog\/wp-content\/uploads\/2025\/06\/WhatsApp-Image-2025-06-21-at-3.58.28-PM-2-1024x768.jpeg 1024w, https:\/\/gdcdesarrollos.com\/blog\/wp-content\/uploads\/2025\/06\/WhatsApp-Image-2025-06-21-at-3.58.28-PM-2-300x225.jpeg 300w, https:\/\/gdcdesarrollos.com\/blog\/wp-content\/uploads\/2025\/06\/WhatsApp-Image-2025-06-21-at-3.58.28-PM-2-768x576.jpeg 768w, https:\/\/gdcdesarrollos.com\/blog\/wp-content\/uploads\/2025\/06\/WhatsApp-Image-2025-06-21-at-3.58.28-PM-2.jpeg 1280w\" sizes=\"auto, (max-width: 1024px) 100vw, 1024px\" \/><\/figure>\n\n\n\n<h2 class=\"wp-block-heading\">\u00bfPor qu\u00e9 hacemos voluntariado en GDC?<\/h2>\n\n\n\n<p>Desde nuestros inicios como empresa desarrolladora, en GDC Desarrollos hemos tenido la convicci\u00f3n de que nuestro compromiso con la sociedad no termina cuando se entregan las llaves de un departamento. Sabemos que la verdadera plusval\u00eda no solo se mide en metros cuadrados, sino en la calidad de vida que podemos contribuir a generar dentro y fuera de nuestros desarrollos.<\/p>\n\n\n\n<p>El <strong>voluntariado corporativo<\/strong> se ha convertido en una de nuestras formas preferidas de conectar con la comunidad. No solo promueve el trabajo en equipo entre colaboradores, sino que tambi\u00e9n fortalece los lazos con las organizaciones que atienden a sectores vulnerables. Iniciativas como esta nos permiten dar un paso al frente, aportar recursos, tiempo y entusiasmo para causas que realmente importan.<\/p>\n\n\n\n<h2 class=\"wp-block-heading\">Aldeas SOS: una familia para quienes m\u00e1s lo necesitan<\/h2>\n\n\n\n<p><strong>Aldeas Infantiles SOS<\/strong> es una organizaci\u00f3n sin fines de lucro con presencia en m\u00e1s de 130 pa\u00edses. Su misi\u00f3n es clara: ofrecer un entorno familiar y seguro a ni\u00f1os, ni\u00f1as y adolescentes que han perdido el cuidado parental o est\u00e1n en riesgo de perderlo. En M\u00e9xico, operan desde hace m\u00e1s de cinco d\u00e9cadas, brindando atenci\u00f3n integral en espacios donde los menores pueden crecer con dignidad, educaci\u00f3n, salud emocional y afecto.<\/p>\n\n\n\n<p>Su modelo se basa en la creaci\u00f3n de <strong>aldeas<\/strong>, espacios donde peque\u00f1os grupos de ni\u00f1os viven acompa\u00f1ados de cuidadores y desarrollan v\u00ednculos significativos. Lejos de ser un modelo institucionalizado, las Aldeas promueven la vida comunitaria y la integraci\u00f3n familiar.<\/p>\n\n\n\n<p>GDC Desarrollos se siente profundamente identificado con esta visi\u00f3n de construir hogares, no solo casas. Por eso, colaborar en su aniversario es m\u00e1s que una invitaci\u00f3n: es un honor y una responsabilidad que asumimos con alegr\u00eda.<\/p>\n\n\n\n<p><a href=\"https:\/\/www.aldeasinfantiles.org.mx\">https:\/\/www.aldeasinfantiles.org.mx<\/a><\/p>\n\n\n\n<h2 class=\"wp-block-heading\">\u00bfEn qu\u00e9 consiste la jornada de voluntariado?<\/h2>\n\n\n\n<p>El pasado <strong>s\u00e1bado 21 de junio a las 9:30 horas<\/strong>, estuvimos presentes en la sede de <strong>Aldeas SOS en la Ciudad de M\u00e9xico<\/strong>, ubicada en <strong>Calle Morelos 43, Col. Rosas del Tepeyac, Alcald\u00eda Gustavo A. Madero<\/strong>, para celebrar la <strong>Kerm\u00e9s de Aniversario<\/strong> que reunir\u00e1 a familias, vecinos, voluntarios, colaboradores y amigos.<\/p>\n\n\n\n<p>La jornada fue una fiesta comunitaria, llena de actividades, m\u00fasica, juegos y sonrisas. Pero tambi\u00e9n ser\u00e1 una oportunidad para recaudar fondos que apoyen directamente los programas de desarrollo de la infancia de la organizaci\u00f3n.<\/p>\n\n\n\n<h3 class=\"wp-block-heading\">El stand de GDC Desarrollos: refrescando corazones<\/h3>\n\n\n\n<p>GDC Desarrollos particip\u00f3 activamente con un <strong>Stand de Refrescos<\/strong>, en el que nuestros colaboradores estuvieron vendiendo bebidas fr\u00edas y saludables. Todo lo que se recaud\u00f3 fue donado \u00edntegramente a los programas de atenci\u00f3n de Aldeas SOS.<\/p>\n\n\n\n<p>Fue una excelente oportunidad para que los asistentes disfrutaran , convivieran y contribuyeran de manera sencilla pero significativa a una causa que transforma vidas.<\/p>\n\n\n\n<figure class=\"wp-block-image size-large\"><img loading=\"lazy\" decoding=\"async\" width=\"768\" height=\"1024\" src=\"https:\/\/gdcdesarrollos.com\/blog\/wp-content\/uploads\/2025\/06\/WhatsApp-Image-2025-06-21-at-3.58.27-PM-768x1024.jpeg\" alt=\"\" class=\"wp-image-1331\" srcset=\"https:\/\/gdcdesarrollos.com\/blog\/wp-content\/uploads\/2025\/06\/WhatsApp-Image-2025-06-21-at-3.58.27-PM-768x1024.jpeg 768w, https:\/\/gdcdesarrollos.com\/blog\/wp-content\/uploads\/2025\/06\/WhatsApp-Image-2025-06-21-at-3.58.27-PM-225x300.jpeg 225w, https:\/\/gdcdesarrollos.com\/blog\/wp-content\/uploads\/2025\/06\/WhatsApp-Image-2025-06-21-at-3.58.27-PM.jpeg 960w\" sizes=\"auto, (max-width: 768px) 100vw, 768px\" \/><\/figure>\n\n\n\n<h3 class=\"wp-block-heading\">Una invitaci\u00f3n abierta<\/h3>\n\n\n\n<p>El <strong>voluntariado<\/strong> no termina en las manos de nuestros colaboradores. Queremos extender esta experiencia a familiares, amigos, vecinos y al p\u00fablico en general. Todos est\u00e1n invitados a sumarse futuras jornadas, compartir tiempo de calidad y formar parte de estos movimientos de solidaridad.<\/p>\n\n\n\n<p>Si deseas participar como voluntario, solo necesitas comunicarte con nuestro equipo de <strong>Capital Humano<\/strong> para confirmar tu asistencia. El compromiso puede ser solo por unas horas, pero el impacto ser\u00e1 duradero.<\/p>\n\n\n\n<h2 class=\"wp-block-heading\">Beneficios del voluntariado corporativo<\/h2>\n\n\n\n<p>Participar en actividades de <strong>voluntariado<\/strong> no solo enriquece a las comunidades beneficiadas, tambi\u00e9n transforma a quienes lo ejercen. Algunos de los beneficios que hemos identificado en GDC Desarrollos a lo largo de nuestras iniciativas son:<\/p>\n\n\n\n<ul class=\"wp-block-list\">\n<li><strong>Fortalece el sentido de pertenencia<\/strong>: nuestros colaboradores se sienten parte de una empresa que tiene valores claros y coherentes.<\/li>\n\n\n\n<li><strong>Desarrolla habilidades blandas<\/strong> como el liderazgo, la empat\u00eda, la escucha activa y el trabajo en equipo.<\/li>\n\n\n\n<li><strong>Mejora el clima laboral<\/strong>: compartir una causa fuera del entorno cotidiano genera nuevas din\u00e1micas y conexiones humanas.<\/li>\n\n\n\n<li><strong>Alinea prop\u00f3sitos personales y profesionales<\/strong>, lo que impacta positivamente en la motivaci\u00f3n y productividad.<\/li>\n\n\n\n<li><strong>Refuerza nuestra imagen institucional<\/strong>, demostrando con hechos que nos importa m\u00e1s que vender inmuebles.<\/li>\n<\/ul>\n\n\n\n<p><a href=\"https:\/\/gdcdesarrollos.com\">https:\/\/gdcdesarrollos.com<\/a><\/p>\n\n\n\n<h2 class=\"wp-block-heading\">El voluntariado como eje de responsabilidad social<\/h2>\n\n\n\n<p>En GDC Desarrollos entendemos la <strong>Responsabilidad Social Empresarial (RSE)<\/strong> como una forma de hacer negocios que genera valor para todos: clientes, colaboradores, inversionistas y sociedad en general.<\/p>\n\n\n\n<p>Por ello, nuestras acciones de voluntariado se enmarcan dentro de un plan estrat\u00e9gico m\u00e1s amplio, donde tambi\u00e9n fomentamos:<\/p>\n\n\n\n<ul class=\"wp-block-list\">\n<li><strong>Programas ambientales y de sustentabilidad<\/strong> en nuestros desarrollos.<\/li>\n\n\n\n<li><strong>Apoyos a comunidades cercanas a nuestras obras<\/strong>.<\/li>\n\n\n\n<li><strong>Educaci\u00f3n financiera e inmobiliaria para nuevos compradores e inversionistas.<\/strong><\/li>\n\n\n\n<li><strong>Alianzas con fundaciones e instituciones educativas<\/strong>.<\/li>\n<\/ul>\n\n\n\n<p>La colaboraci\u00f3n con Aldeas SOS forma parte de este compromiso integral con el bienestar colectivo, demostrando que las empresas tambi\u00e9n pueden ser agentes de transformaci\u00f3n.<\/p>\n\n\n\n<figure class=\"wp-block-image size-large\"><img loading=\"lazy\" decoding=\"async\" width=\"576\" height=\"1024\" src=\"https:\/\/gdcdesarrollos.com\/blog\/wp-content\/uploads\/2025\/06\/WhatsApp-Image-2025-06-21-at-3.58.28-PM-1-1-576x1024.jpeg\" alt=\"\" class=\"wp-image-1337\" srcset=\"https:\/\/gdcdesarrollos.com\/blog\/wp-content\/uploads\/2025\/06\/WhatsApp-Image-2025-06-21-at-3.58.28-PM-1-1-576x1024.jpeg 576w, https:\/\/gdcdesarrollos.com\/blog\/wp-content\/uploads\/2025\/06\/WhatsApp-Image-2025-06-21-at-3.58.28-PM-1-1-169x300.jpeg 169w, https:\/\/gdcdesarrollos.com\/blog\/wp-content\/uploads\/2025\/06\/WhatsApp-Image-2025-06-21-at-3.58.28-PM-1-1.jpeg 720w\" sizes=\"auto, (max-width: 576px) 100vw, 576px\" \/><\/figure>\n\n\n\n<h2 class=\"wp-block-heading\">\u00bfC\u00f3mo puedo ser voluntario?<\/h2>\n\n\n\n<p>Si esta causa ha resonado contigo, hay muchas formas de sumarte:<\/p>\n\n\n\n<ol class=\"wp-block-list\">\n<li><strong>Asiste<\/strong> y apoya con tu presencia.<\/li>\n\n\n\n<li><strong>Difunde la iniciativa<\/strong> entre tus contactos. Mientras m\u00e1s personas participen, mayor ser\u00e1 el impacto.<\/li>\n\n\n\n<li><strong>Dona insumos o recursos<\/strong> que puedan servir para los programas que apoyamos.<\/li>\n\n\n\n<li><strong>Participa en futuras actividades de voluntariado<\/strong> con GDC Desarrollos. Capital Humano te puede orientar.<\/li>\n\n\n\n<li><strong>Inspira a otros<\/strong> con tu ejemplo. El voluntariado se contagia.<\/li>\n<\/ol>\n\n\n\n<h2 class=\"wp-block-heading\">A largo plazo: voluntariado como cultura<\/h2>\n\n\n\n<p>Queremos que el <strong>voluntariado<\/strong> no sea solo un evento mensual, sino una forma continua de vinculaci\u00f3n con las necesidades de nuestro entorno. <\/p>\n\n\n\n<p>Cada desarrollo que construimos es tambi\u00e9n una promesa: la de crear una comunidad fuerte, emp\u00e1tica y solidaria. Y esto solo es posible cuando quienes formamos parte de GDC Desarrollos decidimos poner nuestras manos, tiempo y coraz\u00f3n al servicio de causas justas.<\/p>\n\n\n\n<h2 class=\"wp-block-heading\">Un cierre con coraz\u00f3n<\/h2>\n\n\n\n<p>La Kerm\u00e9s del 21 de junio no fue solo una celebraci\u00f3n m\u00e1s. Ser\u00e1 una oportunidad para demostrar que la uni\u00f3n entre empresas, organizaciones civiles y ciudadanos puede generar un cambio real. Que el <strong>voluntariado<\/strong> tiene un poder transformador, tanto para quienes reciben como para quienes dan.<\/p>\n\n\n\n<p>En GDC Desarrollos, <strong>seguimos apostando por una visi\u00f3n inmobiliaria con conciencia social<\/strong>, y esta jornada es solo una muestra de lo que podemos lograr juntos.<\/p>\n","protected":false},"excerpt":{"rendered":"<p>En GDC Desarrollos, creemos firmemente que construir comunidades va m\u00e1s all\u00e1 del concreto y los planos. Implica tambi\u00e9n edificar puentes humanos, brindar apoyo a quienes&hellip;<\/p>\n","protected":false},"author":10,"featured_media":1346,"comment_status":"open","ping_status":"open","sticky":false,"template":"","format":"standard","meta":{"footnotes":""},"categories":[162],"tags":[],"ppma_author":[174],"class_list":["post-1327","post","type-post","status-publish","format-standard","has-post-thumbnail","hentry","category-mas-alla-de-la-arquitectura"],"yoast_head":"<!-- This site is optimized with the Yoast SEO plugin v23.7 - https:\/\/yoast.com\/wordpress\/plugins\/seo\/ -->\n<title>Voluntariado con causa: GDC se une al aniversario de Aldeas SOS - Blog - GDC Desarrollos<\/title>\n<meta name=\"description\" content=\"\u00danete al voluntariado de GDC Desarrollos en el aniversario de Aldeas SOS y s\u00e9 parte de una kerm\u00e9s con causa que transforma vidas.\" \/>\n<meta name=\"robots\" content=\"index, follow, max-snippet:-1, max-image-preview:large, max-video-preview:-1\" \/>\n<link rel=\"canonical\" href=\"https:\/\/gdcdesarrollos.com\/blog\/voluntariado-con-causa-gdc-se-une-al-aniversario-de-aldeas-sos\/\" \/>\n<meta property=\"og:locale\" content=\"es_MX\" \/>\n<meta property=\"og:type\" content=\"article\" \/>\n<meta property=\"og:title\" content=\"Voluntariado con causa: GDC se une al aniversario de Aldeas SOS - Blog - GDC Desarrollos\" \/>\n<meta property=\"og:description\" content=\"\u00danete al voluntariado de GDC Desarrollos en el aniversario de Aldeas SOS y s\u00e9 parte de una kerm\u00e9s con causa que transforma vidas.\" \/>\n<meta property=\"og:url\" content=\"https:\/\/gdcdesarrollos.com\/blog\/voluntariado-con-causa-gdc-se-une-al-aniversario-de-aldeas-sos\/\" \/>\n<meta property=\"og:site_name\" content=\"Blog - GDC Desarrollos\" \/>\n<meta property=\"article:publisher\" content=\"https:\/\/www.facebook.com\/GDCdesarrollosMX\" \/>\n<meta property=\"article:published_time\" content=\"2025-06-25T18:56:27+00:00\" \/>\n<meta property=\"article:modified_time\" content=\"2025-06-25T19:18:25+00:00\" \/>\n<meta property=\"og:image\" content=\"https:\/\/gdcdesarrollos.com\/blog\/wp-content\/uploads\/2025\/06\/VOLUNTARIADO.jpg\" \/>\n\t<meta property=\"og:image:width\" content=\"1080\" \/>\n\t<meta property=\"og:image:height\" content=\"1080\" \/>\n\t<meta property=\"og:image:type\" content=\"image\/jpeg\" \/>\n<meta name=\"author\" content=\"Kevin Gonz\u00e1lez\" \/>\n<meta name=\"twitter:card\" content=\"summary_large_image\" \/>\n<meta name=\"twitter:label1\" content=\"Escrito por\" \/>\n\t<meta name=\"twitter:data1\" content=\"Kevin Gonz\u00e1lez\" \/>\n\t<meta name=\"twitter:label2\" content=\"Tiempo de lectura\" \/>\n\t<meta name=\"twitter:data2\" content=\"6 minutos\" \/>\n<script type=\"application\/ld+json\" class=\"yoast-schema-graph\">{\"@context\":\"https:\/\/schema.org\",\"@graph\":[{\"@type\":[\"Article\",\"BlogPosting\"],\"@id\":\"https:\/\/gdcdesarrollos.com\/blog\/voluntariado-con-causa-gdc-se-une-al-aniversario-de-aldeas-sos\/#article\",\"isPartOf\":{\"@id\":\"https:\/\/gdcdesarrollos.com\/blog\/voluntariado-con-causa-gdc-se-une-al-aniversario-de-aldeas-sos\/\"},\"author\":{\"name\":\"Kevin Gonz\u00e1lez\",\"@id\":\"https:\/\/gdcdesarrollos.com\/blog\/#\/schema\/person\/1ac71e983c464d10fd61326abbef7b82\"},\"headline\":\"Voluntariado con causa: GDC se une al aniversario de Aldeas SOS\",\"datePublished\":\"2025-06-25T18:56:27+00:00\",\"dateModified\":\"2025-06-25T19:18:25+00:00\",\"mainEntityOfPage\":{\"@id\":\"https:\/\/gdcdesarrollos.com\/blog\/voluntariado-con-causa-gdc-se-une-al-aniversario-de-aldeas-sos\/\"},\"wordCount\":1113,\"commentCount\":0,\"publisher\":{\"@id\":\"https:\/\/gdcdesarrollos.com\/blog\/#organization\"},\"image\":{\"@id\":\"https:\/\/gdcdesarrollos.com\/blog\/voluntariado-con-causa-gdc-se-une-al-aniversario-de-aldeas-sos\/#primaryimage\"},\"thumbnailUrl\":\"https:\/\/gdcdesarrollos.com\/blog\/wp-content\/uploads\/2025\/06\/VOLUNTARIADO.jpg\",\"articleSection\":[\"M\u00e1s all\u00e1 de la arquitectura\"],\"inLanguage\":\"es\",\"potentialAction\":[{\"@type\":\"CommentAction\",\"name\":\"Comment\",\"target\":[\"https:\/\/gdcdesarrollos.com\/blog\/voluntariado-con-causa-gdc-se-une-al-aniversario-de-aldeas-sos\/#respond\"]}]},{\"@type\":\"WebPage\",\"@id\":\"https:\/\/gdcdesarrollos.com\/blog\/voluntariado-con-causa-gdc-se-une-al-aniversario-de-aldeas-sos\/\",\"url\":\"https:\/\/gdcdesarrollos.com\/blog\/voluntariado-con-causa-gdc-se-une-al-aniversario-de-aldeas-sos\/\",\"name\":\"Voluntariado con causa: GDC se une al aniversario de Aldeas SOS - Blog - GDC Desarrollos\",\"isPartOf\":{\"@id\":\"https:\/\/gdcdesarrollos.com\/blog\/#website\"},\"primaryImageOfPage\":{\"@id\":\"https:\/\/gdcdesarrollos.com\/blog\/voluntariado-con-causa-gdc-se-une-al-aniversario-de-aldeas-sos\/#primaryimage\"},\"image\":{\"@id\":\"https:\/\/gdcdesarrollos.com\/blog\/voluntariado-con-causa-gdc-se-une-al-aniversario-de-aldeas-sos\/#primaryimage\"},\"thumbnailUrl\":\"https:\/\/gdcdesarrollos.com\/blog\/wp-content\/uploads\/2025\/06\/VOLUNTARIADO.jpg\",\"datePublished\":\"2025-06-25T18:56:27+00:00\",\"dateModified\":\"2025-06-25T19:18:25+00:00\",\"description\":\"\u00danete al voluntariado de GDC Desarrollos en el aniversario de Aldeas SOS y s\u00e9 parte de una kerm\u00e9s con causa que transforma vidas.\",\"breadcrumb\":{\"@id\":\"https:\/\/gdcdesarrollos.com\/blog\/voluntariado-con-causa-gdc-se-une-al-aniversario-de-aldeas-sos\/#breadcrumb\"},\"inLanguage\":\"es\",\"potentialAction\":[{\"@type\":\"ReadAction\",\"target\":[\"https:\/\/gdcdesarrollos.com\/blog\/voluntariado-con-causa-gdc-se-une-al-aniversario-de-aldeas-sos\/\"]}]},{\"@type\":\"ImageObject\",\"inLanguage\":\"es\",\"@id\":\"https:\/\/gdcdesarrollos.com\/blog\/voluntariado-con-causa-gdc-se-une-al-aniversario-de-aldeas-sos\/#primaryimage\",\"url\":\"https:\/\/gdcdesarrollos.com\/blog\/wp-content\/uploads\/2025\/06\/VOLUNTARIADO.jpg\",\"contentUrl\":\"https:\/\/gdcdesarrollos.com\/blog\/wp-content\/uploads\/2025\/06\/VOLUNTARIADO.jpg\",\"width\":1080,\"height\":1080},{\"@type\":\"BreadcrumbList\",\"@id\":\"https:\/\/gdcdesarrollos.com\/blog\/voluntariado-con-causa-gdc-se-une-al-aniversario-de-aldeas-sos\/#breadcrumb\",\"itemListElement\":[{\"@type\":\"ListItem\",\"position\":1,\"name\":\"Inicio\",\"item\":\"https:\/\/gdcdesarrollos.com\/blog\/\"},{\"@type\":\"ListItem\",\"position\":2,\"name\":\"M\u00e1s all\u00e1 de la arquitectura\",\"item\":\"https:\/\/gdcdesarrollos.com\/blog\/category\/mas-alla-de-la-arquitectura\/\"},{\"@type\":\"ListItem\",\"position\":3,\"name\":\"Voluntariado con causa: GDC se une al aniversario de Aldeas SOS\"}]},{\"@type\":\"WebSite\",\"@id\":\"https:\/\/gdcdesarrollos.com\/blog\/#website\",\"url\":\"https:\/\/gdcdesarrollos.com\/blog\/\",\"name\":\"Blog - GDC Desarrollos\",\"description\":\"Art\u00edculos de inter\u00e9s en desarrollo inmobiliario, bienes ra\u00edces e inversiones.\",\"publisher\":{\"@id\":\"https:\/\/gdcdesarrollos.com\/blog\/#organization\"},\"potentialAction\":[{\"@type\":\"SearchAction\",\"target\":{\"@type\":\"EntryPoint\",\"urlTemplate\":\"https:\/\/gdcdesarrollos.com\/blog\/?s={search_term_string}\"},\"query-input\":{\"@type\":\"PropertyValueSpecification\",\"valueRequired\":true,\"valueName\":\"search_term_string\"}}],\"inLanguage\":\"es\"},{\"@type\":\"Organization\",\"@id\":\"https:\/\/gdcdesarrollos.com\/blog\/#organization\",\"name\":\"GDC Desarrollos\",\"url\":\"https:\/\/gdcdesarrollos.com\/blog\/\",\"logo\":{\"@type\":\"ImageObject\",\"inLanguage\":\"es\",\"@id\":\"https:\/\/gdcdesarrollos.com\/blog\/#\/schema\/logo\/image\/\",\"url\":\"https:\/\/gdcdesarrollos.com\/blog\/wp-content\/uploads\/2023\/07\/logo-gdc-desarrollos-blanco.png\",\"contentUrl\":\"https:\/\/gdcdesarrollos.com\/blog\/wp-content\/uploads\/2023\/07\/logo-gdc-desarrollos-blanco.png\",\"width\":275,\"height\":122,\"caption\":\"GDC Desarrollos\"},\"image\":{\"@id\":\"https:\/\/gdcdesarrollos.com\/blog\/#\/schema\/logo\/image\/\"},\"sameAs\":[\"https:\/\/www.facebook.com\/GDCdesarrollosMX\",\"https:\/\/www.instagram.com\/gdc_desarrollos\/\",\"https:\/\/www.youtube.com\/channel\/UCWq5_GfT1lpvkwICsXb5rlg\",\"https:\/\/www.tiktok.com\/@gdc_desarrollos\",\"https:\/\/www.pinterest.com.mx\/gdcdesarrollos\"]},{\"@type\":\"Person\",\"@id\":\"https:\/\/gdcdesarrollos.com\/blog\/#\/schema\/person\/1ac71e983c464d10fd61326abbef7b82\",\"name\":\"Kevin Gonz\u00e1lez\",\"image\":{\"@type\":\"ImageObject\",\"inLanguage\":\"es\",\"@id\":\"https:\/\/gdcdesarrollos.com\/blog\/#\/schema\/person\/image\/dfb20d819b172ecaf479bcecb7706243\",\"url\":\"https:\/\/secure.gravatar.com\/avatar\/9995a6f6ff495c73a4258c389d129b215bd2262e758fe0fa971a4b0aaf57c7ad?s=96&d=mm&r=g\",\"contentUrl\":\"https:\/\/secure.gravatar.com\/avatar\/9995a6f6ff495c73a4258c389d129b215bd2262e758fe0fa971a4b0aaf57c7ad?s=96&d=mm&r=g\",\"caption\":\"Kevin Gonz\u00e1lez\"},\"sameAs\":[\"https:\/\/www.gdcdesarrollos.com\/\"],\"url\":\"https:\/\/gdcdesarrollos.com\/blog\/author\/juan-gutierrez\/\"}]}<\/script>\n<!-- \/ Yoast SEO plugin. -->","yoast_head_json":{"title":"Voluntariado con causa: GDC se une al aniversario de Aldeas SOS - Blog - GDC Desarrollos","description":"\u00danete al voluntariado de GDC Desarrollos en el aniversario de Aldeas SOS y s\u00e9 parte de una kerm\u00e9s con causa que transforma vidas.","robots":{"index":"index","follow":"follow","max-snippet":"max-snippet:-1","max-image-preview":"max-image-preview:large","max-video-preview":"max-video-preview:-1"},"canonical":"https:\/\/gdcdesarrollos.com\/blog\/voluntariado-con-causa-gdc-se-une-al-aniversario-de-aldeas-sos\/","og_locale":"es_MX","og_type":"article","og_title":"Voluntariado con causa: GDC se une al aniversario de Aldeas SOS - Blog - GDC Desarrollos","og_description":"\u00danete al voluntariado de GDC Desarrollos en el aniversario de Aldeas SOS y s\u00e9 parte de una kerm\u00e9s con causa que transforma vidas.","og_url":"https:\/\/gdcdesarrollos.com\/blog\/voluntariado-con-causa-gdc-se-une-al-aniversario-de-aldeas-sos\/","og_site_name":"Blog - GDC Desarrollos","article_publisher":"https:\/\/www.facebook.com\/GDCdesarrollosMX","article_published_time":"2025-06-25T18:56:27+00:00","article_modified_time":"2025-06-25T19:18:25+00:00","og_image":[{"width":1080,"height":1080,"url":"https:\/\/gdcdesarrollos.com\/blog\/wp-content\/uploads\/2025\/06\/VOLUNTARIADO.jpg","type":"image\/jpeg"}],"author":"Kevin Gonz\u00e1lez","twitter_card":"summary_large_image","twitter_misc":{"Escrito por":"Kevin Gonz\u00e1lez","Tiempo de lectura":"6 minutos"},"schema":{"@context":"https:\/\/schema.org","@graph":[{"@type":["Article","BlogPosting"],"@id":"https:\/\/gdcdesarrollos.com\/blog\/voluntariado-con-causa-gdc-se-une-al-aniversario-de-aldeas-sos\/#article","isPartOf":{"@id":"https:\/\/gdcdesarrollos.com\/blog\/voluntariado-con-causa-gdc-se-une-al-aniversario-de-aldeas-sos\/"},"author":{"name":"Kevin Gonz\u00e1lez","@id":"https:\/\/gdcdesarrollos.com\/blog\/#\/schema\/person\/1ac71e983c464d10fd61326abbef7b82"},"headline":"Voluntariado con causa: GDC se une al aniversario de Aldeas SOS","datePublished":"2025-06-25T18:56:27+00:00","dateModified":"2025-06-25T19:18:25+00:00","mainEntityOfPage":{"@id":"https:\/\/gdcdesarrollos.com\/blog\/voluntariado-con-causa-gdc-se-une-al-aniversario-de-aldeas-sos\/"},"wordCount":1113,"commentCount":0,"publisher":{"@id":"https:\/\/gdcdesarrollos.com\/blog\/#organization"},"image":{"@id":"https:\/\/gdcdesarrollos.com\/blog\/voluntariado-con-causa-gdc-se-une-al-aniversario-de-aldeas-sos\/#primaryimage"},"thumbnailUrl":"https:\/\/gdcdesarrollos.com\/blog\/wp-content\/uploads\/2025\/06\/VOLUNTARIADO.jpg","articleSection":["M\u00e1s all\u00e1 de la arquitectura"],"inLanguage":"es","potentialAction":[{"@type":"CommentAction","name":"Comment","target":["https:\/\/gdcdesarrollos.com\/blog\/voluntariado-con-causa-gdc-se-une-al-aniversario-de-aldeas-sos\/#respond"]}]},{"@type":"WebPage","@id":"https:\/\/gdcdesarrollos.com\/blog\/voluntariado-con-causa-gdc-se-une-al-aniversario-de-aldeas-sos\/","url":"https:\/\/gdcdesarrollos.com\/blog\/voluntariado-con-causa-gdc-se-une-al-aniversario-de-aldeas-sos\/","name":"Voluntariado con causa: GDC se une al aniversario de Aldeas SOS - Blog - GDC Desarrollos","isPartOf":{"@id":"https:\/\/gdcdesarrollos.com\/blog\/#website"},"primaryImageOfPage":{"@id":"https:\/\/gdcdesarrollos.com\/blog\/voluntariado-con-causa-gdc-se-une-al-aniversario-de-aldeas-sos\/#primaryimage"},"image":{"@id":"https:\/\/gdcdesarrollos.com\/blog\/voluntariado-con-causa-gdc-se-une-al-aniversario-de-aldeas-sos\/#primaryimage"},"thumbnailUrl":"https:\/\/gdcdesarrollos.com\/blog\/wp-content\/uploads\/2025\/06\/VOLUNTARIADO.jpg","datePublished":"2025-06-25T18:56:27+00:00","dateModified":"2025-06-25T19:18:25+00:00","description":"\u00danete al voluntariado de GDC Desarrollos en el aniversario de Aldeas SOS y s\u00e9 parte de una kerm\u00e9s con causa que transforma vidas.","breadcrumb":{"@id":"https:\/\/gdcdesarrollos.com\/blog\/voluntariado-con-causa-gdc-se-une-al-aniversario-de-aldeas-sos\/#breadcrumb"},"inLanguage":"es","potentialAction":[{"@type":"ReadAction","target":["https:\/\/gdcdesarrollos.com\/blog\/voluntariado-con-causa-gdc-se-une-al-aniversario-de-aldeas-sos\/"]}]},{"@type":"ImageObject","inLanguage":"es","@id":"https:\/\/gdcdesarrollos.com\/blog\/voluntariado-con-causa-gdc-se-une-al-aniversario-de-aldeas-sos\/#primaryimage","url":"https:\/\/gdcdesarrollos.com\/blog\/wp-content\/uploads\/2025\/06\/VOLUNTARIADO.jpg","contentUrl":"https:\/\/gdcdesarrollos.com\/blog\/wp-content\/uploads\/2025\/06\/VOLUNTARIADO.jpg","width":1080,"height":1080},{"@type":"BreadcrumbList","@id":"https:\/\/gdcdesarrollos.com\/blog\/voluntariado-con-causa-gdc-se-une-al-aniversario-de-aldeas-sos\/#breadcrumb","itemListElement":[{"@type":"ListItem","position":1,"name":"Inicio","item":"https:\/\/gdcdesarrollos.com\/blog\/"},{"@type":"ListItem","position":2,"name":"M\u00e1s all\u00e1 de la arquitectura","item":"https:\/\/gdcdesarrollos.com\/blog\/category\/mas-alla-de-la-arquitectura\/"},{"@type":"ListItem","position":3,"name":"Voluntariado con causa: GDC se une al aniversario de Aldeas SOS"}]},{"@type":"WebSite","@id":"https:\/\/gdcdesarrollos.com\/blog\/#website","url":"https:\/\/gdcdesarrollos.com\/blog\/","name":"Blog - GDC Desarrollos","description":"Art\u00edculos de inter\u00e9s en desarrollo inmobiliario, bienes ra\u00edces e inversiones.","publisher":{"@id":"https:\/\/gdcdesarrollos.com\/blog\/#organization"},"potentialAction":[{"@type":"SearchAction","target":{"@type":"EntryPoint","urlTemplate":"https:\/\/gdcdesarrollos.com\/blog\/?s={search_term_string}"},"query-input":{"@type":"PropertyValueSpecification","valueRequired":true,"valueName":"search_term_string"}}],"inLanguage":"es"},{"@type":"Organization","@id":"https:\/\/gdcdesarrollos.com\/blog\/#organization","name":"GDC Desarrollos","url":"https:\/\/gdcdesarrollos.com\/blog\/","logo":{"@type":"ImageObject","inLanguage":"es","@id":"https:\/\/gdcdesarrollos.com\/blog\/#\/schema\/logo\/image\/","url":"https:\/\/gdcdesarrollos.com\/blog\/wp-content\/uploads\/2023\/07\/logo-gdc-desarrollos-blanco.png","contentUrl":"https:\/\/gdcdesarrollos.com\/blog\/wp-content\/uploads\/2023\/07\/logo-gdc-desarrollos-blanco.png","width":275,"height":122,"caption":"GDC Desarrollos"},"image":{"@id":"https:\/\/gdcdesarrollos.com\/blog\/#\/schema\/logo\/image\/"},"sameAs":["https:\/\/www.facebook.com\/GDCdesarrollosMX","https:\/\/www.instagram.com\/gdc_desarrollos\/","https:\/\/www.youtube.com\/channel\/UCWq5_GfT1lpvkwICsXb5rlg","https:\/\/www.tiktok.com\/@gdc_desarrollos","https:\/\/www.pinterest.com.mx\/gdcdesarrollos"]},{"@type":"Person","@id":"https:\/\/gdcdesarrollos.com\/blog\/#\/schema\/person\/1ac71e983c464d10fd61326abbef7b82","name":"Kevin Gonz\u00e1lez","image":{"@type":"ImageObject","inLanguage":"es","@id":"https:\/\/gdcdesarrollos.com\/blog\/#\/schema\/person\/image\/dfb20d819b172ecaf479bcecb7706243","url":"https:\/\/secure.gravatar.com\/avatar\/9995a6f6ff495c73a4258c389d129b215bd2262e758fe0fa971a4b0aaf57c7ad?s=96&d=mm&r=g","contentUrl":"https:\/\/secure.gravatar.com\/avatar\/9995a6f6ff495c73a4258c389d129b215bd2262e758fe0fa971a4b0aaf57c7ad?s=96&d=mm&r=g","caption":"Kevin Gonz\u00e1lez"},"sameAs":["https:\/\/www.gdcdesarrollos.com\/"],"url":"https:\/\/gdcdesarrollos.com\/blog\/author\/juan-gutierrez\/"}]}},"authors":[{"term_id":174,"user_id":10,"is_guest":0,"slug":"juan-gutierrez","display_name":"Kevin Gonz\u00e1lez","avatar_url":"https:\/\/secure.gravatar.com\/avatar\/9995a6f6ff495c73a4258c389d129b215bd2262e758fe0fa971a4b0aaf57c7ad?s=96&d=mm&r=g","user_url":"https:\/\/www.gdcdesarrollos.com\/","last_name":"gonz\u00e1lez","first_name":"Kevin","job_title":"","description":""}],"_links":{"self":[{"href":"https:\/\/gdcdesarrollos.com\/blog\/wp-json\/wp\/v2\/posts\/1327","targetHints":{"allow":["GET"]}}],"collection":[{"href":"https:\/\/gdcdesarrollos.com\/blog\/wp-json\/wp\/v2\/posts"}],"about":[{"href":"https:\/\/gdcdesarrollos.com\/blog\/wp-json\/wp\/v2\/types\/post"}],"author":[{"embeddable":true,"href":"https:\/\/gdcdesarrollos.com\/blog\/wp-json\/wp\/v2\/users\/10"}],"replies":[{"embeddable":true,"href":"https:\/\/gdcdesarrollos.com\/blog\/wp-json\/wp\/v2\/comments?post=1327"}],"version-history":[{"count":14,"href":"https:\/\/gdcdesarrollos.com\/blog\/wp-json\/wp\/v2\/posts\/1327\/revisions"}],"predecessor-version":[{"id":1345,"href":"https:\/\/gdcdesarrollos.com\/blog\/wp-json\/wp\/v2\/posts\/1327\/revisions\/1345"}],"wp:featuredmedia":[{"embeddable":true,"href":"https:\/\/gdcdesarrollos.com\/blog\/wp-json\/wp\/v2\/media\/1346"}],"wp:attachment":[{"href":"https:\/\/gdcdesarrollos.com\/blog\/wp-json\/wp\/v2\/media?parent=1327"}],"wp:term":[{"taxonomy":"category","embeddable":true,"href":"https:\/\/gdcdesarrollos.com\/blog\/wp-json\/wp\/v2\/categories?post=1327"},{"taxonomy":"post_tag","embeddable":true,"href":"https:\/\/gdcdesarrollos.com\/blog\/wp-json\/wp\/v2\/tags?post=1327"},{"taxonomy":"author","embeddable":true,"href":"https:\/\/gdcdesarrollos.com\/blog\/wp-json\/wp\/v2\/ppma_author?post=1327"}],"curies":[{"name":"wp","href":"https:\/\/api.w.org\/{rel}","templated":true}]}}